{"id":18836,"date":"2022-08-15T07:00:00","date_gmt":"2022-08-15T05:00:00","guid":{"rendered":"https:\/\/www.fjelfras.de\/wordpress\/?p=18836"},"modified":"2023-01-03T16:12:44","modified_gmt":"2023-01-03T15:12:44","slug":"mitarbeiter-des-monats-tanzendes-schwert","status":"publish","type":"post","link":"https:\/\/www.fjelfras.de\/wordpress\/blog\/brettspiele\/mitarbeiter-des-monats-tanzendes-schwert\/","title":{"rendered":"Mitarbeiter des Monats: Tanzendes Schwert"},"content":{"rendered":"\n<h2 class=\"wp-block-heading\">08\u20132022: Tanzendes Schwert (aus Res Arcana)<\/h2>\n\n\n<div class=\"wp-block-image is-style-default\">\n<figure class=\"alignleft size-medium\"><a href=\"https:\/\/www.fjelfras.de\/wordpress\/wp-content\/uploads\/2022\/07\/Mitarbeiter-des-Monats-Tanzendes-Schwert.jpg\"><img loading=\"lazy\" decoding=\"async\" width=\"285\" height=\"300\" src=\"https:\/\/www.fjelfras.de\/wordpress\/wp-content\/uploads\/2022\/07\/Mitarbeiter-des-Monats-Tanzendes-Schwert-285x300.jpg\" alt=\"Mitarbeiter des Monats - Tanzendes Schwert\" class=\"wp-image-18842\" srcset=\"https:\/\/www.fjelfras.de\/wordpress\/wp-content\/uploads\/2022\/07\/Mitarbeiter-des-Monats-Tanzendes-Schwert-285x300.jpg 285w, https:\/\/www.fjelfras.de\/wordpress\/wp-content\/uploads\/2022\/07\/Mitarbeiter-des-Monats-Tanzendes-Schwert-143x150.jpg 143w, https:\/\/www.fjelfras.de\/wordpress\/wp-content\/uploads\/2022\/07\/Mitarbeiter-des-Monats-Tanzendes-Schwert-370x389.jpg 370w, https:\/\/www.fjelfras.de\/wordpress\/wp-content\/uploads\/2022\/07\/Mitarbeiter-des-Monats-Tanzendes-Schwert-270x284.jpg 270w, https:\/\/www.fjelfras.de\/wordpress\/wp-content\/uploads\/2022\/07\/Mitarbeiter-des-Monats-Tanzendes-Schwert-200x210.jpg 200w, https:\/\/www.fjelfras.de\/wordpress\/wp-content\/uploads\/2022\/07\/Mitarbeiter-des-Monats-Tanzendes-Schwert.jpg 570w\" sizes=\"auto, (max-width: 285px) 100vw, 285px\"><\/a><figcaption>damit zu tan\u00adzen ist nicht nur f\u00fcr die F\u00fc\u00dfe gef\u00e4hrlich<\/figcaption><\/figure>\n<\/div>\n\n\n<p>Ein Tan\u00adzen\u00addes Schwert ist ein Klas\u00adsi\u00adker im Fan\u00adta\u00adsy-Gen\u00adre. Ich kann mich noch ganz dun\u00adkel an mei\u00adnen <a href=\"https:\/\/www.goodreads.com\/book\/show\/16153318-das-buch-der-schwerter\" target=\"_blank\" rel=\"noreferrer noopener\">ers\u00adten Fan\u00adta\u00adsy-Schin\u00adken<\/a> erin\u00adnern, den ich damals als Puber\u00adtie\u00adren\u00adder an einem Wochen\u00aden\u00adde ver\u00adschlun\u00adgen habe. Schon bei die\u00adsem f\u00fcr mich pr\u00e4\u00adgen\u00adden Werk hat ein Schwert ein gewis\u00adses Eigen\u00adle\u00adben ent\u00adwi\u00adckelt. Nach vie\u00adlen vie\u00adlen ande\u00adren B\u00fcchern habe ich nicht nur fest\u00adge\u00adstellt, dass ich deut\u00adlich schlech\u00adter in die fan\u00adtas\u00adti\u00adschen Wel\u00adten h\u00e4t\u00adte star\u00adten k\u00f6n\u00adnen, son\u00addern dass es sol\u00adche vita\u00adle Klin\u00adgen \u00f6fters zu geben scheint.<\/p>\n\n\n\n<p><em><strong><span class=\"dquo\">\"<\/span>Vor\u00adsicht reiz\u00adbar! Die\u00adses beson\u00adde\u00adre Schwert ver\u00adleiht  von Grund auf Elan und bringt auch Tod mit sich. Wird es aber zum Kampf her\u00adaus\u00adge\u00adfor\u00addert, dann bekommt es ein Eigen\u00adle\u00adben und wird zu einer t\u00f6d\u00adli\u00adchen Waf\u00adfe. Im wil\u00adden Tanz nimmt es Ener\u00adgie auf und l\u00e4sst die Klin\u00adge sin\u00adgen. Fin\u00addet das alles auch noch in den Kata\u00adkom\u00adben der Toten statt, l\u00e4sst sich nur sagen: dann Gute&nbsp;Nacht!\"&nbsp;<\/strong><\/em><\/p>\n\n\n\n<p>RES ARCANA habe ich erst rela\u00adtiv sp\u00e4t f\u00fcr mich ent\u00addeckt \u2013 um dann aber vol\u00adler Hin\u00adga\u00adbe ganz vie\u00adle Par\u00adtien <a href=\"https:\/\/www.fjelfras.de\/wordpress\/blog\/brettspiele\/res-arcana-in-board-game-arena\/\">online zu spie\u00adlen<\/a>. Wie so oft hat es dann nicht lan\u00adge gedau\u00adert, bis es dann auch bei mir zu Hau\u00adse ein\u00adge\u00adzo\u00adgen ist. Ich mag die Ein\u00adfach\u00adheit des Sys\u00adtems gepaart mit den vie\u00adlen Kom\u00adbi\u00adna\u00adti\u00adons\u00adm\u00f6g\u00adlich\u00adkei\u00adten. Dabei ist es fas\u00adzi\u00adnie\u00adrend zu erken\u00adnen, wie sehr man doch sein Spiel an die Gege\u00adben\u00adhei\u00adten anpas\u00adsen kann. Auch die unter\u00adschied\u00adli\u00adche Per\u00adso\u00adnen\u00adan\u00adzahl gilt es zu ber\u00fcck\u00adsich\u00adti\u00adgen. Im 2\u2011Per\u00adso\u00adnen-Spiel ist das Tan\u00adzen\u00adde Schwert viel\u00adleicht gar nicht so m\u00e4ch\u00adtig, auch wenn die Ein\u00adkom\u00admen\u00adquel\u00adle nicht zu unter\u00adsch\u00e4t\u00adzen ist. Aber im 4\u2011Per\u00adso\u00adnen-Spiel kann man mit der Kar\u00adte gut den vie\u00adlen Dra\u00adchen-Angrif\u00adfen die Luft raus lassen...<\/p>\n\n\n\n<figure class=\"wp-block-image size-full is-style-default\"><a href=\"https:\/\/www.fjelfras.de\/wordpress\/wp-content\/uploads\/2022\/07\/Res-Arcana-Tanzendes-Schwert.jpg\"><img loading=\"lazy\" decoding=\"async\" width=\"839\" height=\"800\" src=\"https:\/\/www.fjelfras.de\/wordpress\/wp-content\/uploads\/2022\/07\/Res-Arcana-Tanzendes-Schwert.jpg\" alt=\"Res Arcana - Tanzendes Schwert\" class=\"wp-image-18838\" srcset=\"https:\/\/www.fjelfras.de\/wordpress\/wp-content\/uploads\/2022\/07\/Res-Arcana-Tanzendes-Schwert.jpg 839w, https:\/\/www.fjelfras.de\/wordpress\/wp-content\/uploads\/2022\/07\/Res-Arcana-Tanzendes-Schwert-300x286.jpg 300w, https:\/\/www.fjelfras.de\/wordpress\/wp-content\/uploads\/2022\/07\/Res-Arcana-Tanzendes-Schwert-150x143.jpg 150w, https:\/\/www.fjelfras.de\/wordpress\/wp-content\/uploads\/2022\/07\/Res-Arcana-Tanzendes-Schwert-768x732.jpg 768w, https:\/\/www.fjelfras.de\/wordpress\/wp-content\/uploads\/2022\/07\/Res-Arcana-Tanzendes-Schwert-370x353.jpg 370w, https:\/\/www.fjelfras.de\/wordpress\/wp-content\/uploads\/2022\/07\/Res-Arcana-Tanzendes-Schwert-270x257.jpg 270w, https:\/\/www.fjelfras.de\/wordpress\/wp-content\/uploads\/2022\/07\/Res-Arcana-Tanzendes-Schwert-570x544.jpg 570w, https:\/\/www.fjelfras.de\/wordpress\/wp-content\/uploads\/2022\/07\/Res-Arcana-Tanzendes-Schwert-220x210.jpg 220w, https:\/\/www.fjelfras.de\/wordpress\/wp-content\/uploads\/2022\/07\/Res-Arcana-Tanzendes-Schwert-740x706.jpg 740w\" sizes=\"auto, (max-width: 839px) 100vw, 839px\"><\/a><figcaption>Das Tan\u00adzen\u00adde Schwert h\u00e4t\u00adte auch ger\u00adne auf das Cover gedurft<\/figcaption><\/figure>\n\n\n\n<div style=\"height:30px\" aria-hidden=\"true\" class=\"wp-block-spacer\"><\/div>\n\n\n\n<div style=\"height:50px\" aria-hidden=\"true\" class=\"wp-block-spacer\"><\/div>\n\n\n\n<p><\/p>\n","protected":false},"excerpt":{"rendered":"<p>08\u20132022: Tan\u00adzen\u00addes Schwert (aus Res Arca\u00adna) Ein Tan\u00adzen\u00addes Schwert ist ein Klas\u00adsi\u00adker im Fan\u00ad\u00adta\u00ad\u00adsy-Gen\u00ad\u00adre. Ich kann mich noch ganz dun\u00adkel an mei\u00adnen ers\u00adten Fan\u00ad\u00adta\u00ad\u00adsy-Schin\u00adken erin\u00adnern, den ich damals als Puber\u00adtie\u00adren\u00adder an einem Wochen\u00aden\u00adde ver\u00adschlun\u00adgen habe. Schon bei die\u00adsem f\u00fcr mich pr\u00e4\u00adgen\u00adden Werk hat ein Schwert ein gewis\u00adses Eigen\u00adle\u00adben ent\u00adwi\u00adckelt. Nach vie\u00adlen vie\u00adlen ande\u00adren B\u00fcchern habe&nbsp;[\u2026]<\/p>\n","protected":false},"author":1,"featured_media":18842,"comment_status":"open","ping_status":"closed","sticky":false,"template":"","format":"standard","meta":{"wp_typography_post_enhancements_disabled":false,"footnotes":""},"categories":[3,685],"tags":[22,686,1599],"class_list":["post-18836","post","type-post","status-publish","format-standard","has-post-thumbnail","hentry","category-brettspiele","category-mitarbeiter-des-monats","tag-brettspiel","tag-mitarbeiter-des-monats","tag-res-arcana"],"_links":{"self":[{"href":"https:\/\/www.fjelfras.de\/wordpress\/wp-json\/wp\/v2\/posts\/18836","targetHints":{"allow":["GET"]}}],"collection":[{"href":"https:\/\/www.fjelfras.de\/wordpress\/wp-json\/wp\/v2\/posts"}],"about":[{"href":"https:\/\/www.fjelfras.de\/wordpress\/wp-json\/wp\/v2\/types\/post"}],"author":[{"embeddable":true,"href":"https:\/\/www.fjelfras.de\/wordpress\/wp-json\/wp\/v2\/users\/1"}],"replies":[{"embeddable":true,"href":"https:\/\/www.fjelfras.de\/wordpress\/wp-json\/wp\/v2\/comments?post=18836"}],"version-history":[{"count":1,"href":"https:\/\/www.fjelfras.de\/wordpress\/wp-json\/wp\/v2\/posts\/18836\/revisions"}],"predecessor-version":[{"id":18979,"href":"https:\/\/www.fjelfras.de\/wordpress\/wp-json\/wp\/v2\/posts\/18836\/revisions\/18979"}],"wp:featuredmedia":[{"embeddable":true,"href":"https:\/\/www.fjelfras.de\/wordpress\/wp-json\/wp\/v2\/media\/18842"}],"wp:attachment":[{"href":"https:\/\/www.fjelfras.de\/wordpress\/wp-json\/wp\/v2\/media?parent=18836"}],"wp:term":[{"taxonomy":"category","embeddable":true,"href":"https:\/\/www.fjelfras.de\/wordpress\/wp-json\/wp\/v2\/categories?post=18836"},{"taxonomy":"post_tag","embeddable":true,"href":"https:\/\/www.fjelfras.de\/wordpress\/wp-json\/wp\/v2\/tags?post=18836"}],"curies":[{"name":"wp","href":"https:\/\/api.w.org\/{rel}","templated":true}]}}