{"id":21766,"date":"2023-06-26T22:01:00","date_gmt":"2023-06-26T20:01:00","guid":{"rendered":"https:\/\/www.fjelfras.de\/wordpress\/?p=21766"},"modified":"2023-06-27T09:27:37","modified_gmt":"2023-06-27T07:27:37","slug":"im-sturm-der-echos","status":"publish","type":"post","link":"https:\/\/www.fjelfras.de\/wordpress\/blog\/dies-uns-das\/im-sturm-der-echos\/","title":{"rendered":"Im Sturm der Echos von Christelle Dabos"},"content":{"rendered":"\n<h2 class=\"wp-block-heading\">zuletzt gelesen: \"Im Sturm der Echos\" (Die Spiegelreisende Band 4)  von <a href=\"http:\/\/christelledabos.com\/\" target=\"_blank\" rel=\"noreferrer noopener\">Christelle Dabos<\/a><\/h2>\n\n\n\n<p class=\"wp-block-paragraph\">Mist, es ist mal wie\u00adder pas\u00adsiert. Nach\u00addem ich begeis\u00adtert von <a href=\"https:\/\/www.fjelfras.de\/wordpress\/blog\/dies-uns-das\/die-verlobten-des-winters\/\">DIE VERLOBTEN DES WINTERS<\/a> , <a href=\"https:\/\/www.fjelfras.de\/wordpress\/blog\/dies-uns-das\/die-verschwundenen-vom-mondscheinpalast\/\">DIE VERSCHWUNDENEN VOM MONDSCHEINPALAST<\/a> und <a href=\"https:\/\/www.fjelfras.de\/wordpress\/blog\/dies-uns-das\/das-gedaechtnis-von-babel\/\">DAS GED\u00c4CHTNIS VON BABEL<\/a> war, so muss ich nun lei\u00adder davon berich\u00adten, dass mir der Abschluss der Saga um DIE SPIGELREISENDE nicht gefal\u00adlen hat. IM STURM DES ECHOS hat lei\u00adder zu vie\u00adle L\u00e4n\u00adgen und schafft es auch nicht, alle losen Hand\u00adlungs\u00adstr\u00e4n\u00adge geb\u00fch\u00adrend zu been\u00adden. Nach Zuklap\u00adpen des Buches sind doch ein paar zu vie\u00adle Fra\u00adgen in mei\u00adnem Kopf unbe\u00adant\u00adwor\u00adtet. Scha\u00adde, die Rei\u00adhe h\u00e4t\u00adte ein bes\u00adse\u00adres Fina\u00adle ver\u00addient gehabt.<\/p>\n\n\n\n<p class=\"wp-block-paragraph\">\u00c4hn\u00adlich wie bei HIS DARK MATERIALS fra\u00adge ich mich, ob am Ende nicht zu viel gewollt war. Statt sich auf die eigent\u00adlich span\u00adnen\u00adde Geschich\u00adte zu kon\u00adzen\u00adtrie\u00adren, neh\u00admen die ver\u00adkopf\u00adten Pas\u00adsa\u00adgen \u00fcber\u00adhand und man ent\u00adfernt sich St\u00fcck f\u00fcr St\u00fcck von den Prot\u00adago\u00adnis\u00adten. Wenn ich nun noch beden\u00adke, dass die Rei\u00adhe als Jugend\u00adb\u00fc\u00adcher bewor\u00adben wer\u00adden und dabei in einem Atem mit HARRY POTTER und <a href=\"https:\/\/www.fjelfras.de\/wordpress\/blog\/dies-uns-das\/die-tribute-von-panem-flammender-zorn\/\">PANEM<\/a> genannt wer\u00adden, so muss man schon anmer\u00adken, dass dort die Geschich\u00adten weni\u00adger abge\u00addrif\u00adtet sind und deut\u00adlich strin\u00adgen\u00adter erz\u00e4hlt wer\u00adden. Also in die\u00adser Liga spielt DIE SPIEGELREISENDE dann doch nicht mit. Dabei w\u00e4re deut\u00adlich mehr drin gewesen...<\/p>\n\n\n\n<figure class=\"wp-block-image size-full is-style-default\"><a href=\"https:\/\/www.fjelfras.de\/wordpress\/wp-content\/uploads\/2023\/06\/Im-Sturm-der-Echos-Cover.jpg\"><img loading=\"lazy\" decoding=\"async\" width=\"570\" height=\"600\" src=\"https:\/\/www.fjelfras.de\/wordpress\/wp-content\/uploads\/2023\/06\/Im-Sturm-der-Echos-Cover.jpg\" alt=\"Im Sturm der Echos - Cover\" class=\"wp-image-21767\" srcset=\"https:\/\/www.fjelfras.de\/wordpress\/wp-content\/uploads\/2023\/06\/Im-Sturm-der-Echos-Cover.jpg 570w, https:\/\/www.fjelfras.de\/wordpress\/wp-content\/uploads\/2023\/06\/Im-Sturm-der-Echos-Cover-285x300.jpg 285w, https:\/\/www.fjelfras.de\/wordpress\/wp-content\/uploads\/2023\/06\/Im-Sturm-der-Echos-Cover-143x150.jpg 143w, https:\/\/www.fjelfras.de\/wordpress\/wp-content\/uploads\/2023\/06\/Im-Sturm-der-Echos-Cover-370x389.jpg 370w, https:\/\/www.fjelfras.de\/wordpress\/wp-content\/uploads\/2023\/06\/Im-Sturm-der-Echos-Cover-270x284.jpg 270w, https:\/\/www.fjelfras.de\/wordpress\/wp-content\/uploads\/2023\/06\/Im-Sturm-der-Echos-Cover-200x210.jpg 200w\" sizes=\"auto, (max-width: 570px) 100vw, 570px\"><\/a><figcaption class=\"wp-element-caption\">Bild: Insel Verlag<\/figcaption><\/figure>\n","protected":false},"excerpt":{"rendered":"<p>zuletzt gele\u00adsen: \"Im Sturm der Echos\" (Die Spie\u00adgel\u00adrei\u00adsen\u00adde Band 4) von Christel\u00adle Dabos Mist, es ist mal wie\u00adder pas\u00adsiert. Nach\u00addem ich begeis\u00adtert von DIE VERLOBTEN DES WINTERS , DIE VERSCHWUNDENEN VOM MONDSCHEINPALAST und DAS GED\u00c4CHTNIS VON BABEL war, so muss ich nun lei\u00adder davon berich\u00adten, dass mir der Abschluss der Saga um DIE SPIGELREISENDE nicht&nbsp;[\u2026]<\/p>\n","protected":false},"author":1,"featured_media":21767,"comment_status":"open","ping_status":"closed","sticky":false,"template":"","format":"standard","meta":{"wp_typography_post_enhancements_disabled":false,"footnotes":""},"categories":[16,17],"tags":[1643,86,29],"class_list":["post-21766","post","type-post","status-publish","format-standard","has-post-thumbnail","hentry","category-dies-uns-das","category-zuletzt-gelesen","tag-christelle-dabos","tag-fantasy","tag-gelesen"],"_links":{"self":[{"href":"https:\/\/www.fjelfras.de\/wordpress\/wp-json\/wp\/v2\/posts\/21766","targetHints":{"allow":["GET"]}}],"collection":[{"href":"https:\/\/www.fjelfras.de\/wordpress\/wp-json\/wp\/v2\/posts"}],"about":[{"href":"https:\/\/www.fjelfras.de\/wordpress\/wp-json\/wp\/v2\/types\/post"}],"author":[{"embeddable":true,"href":"https:\/\/www.fjelfras.de\/wordpress\/wp-json\/wp\/v2\/users\/1"}],"replies":[{"embeddable":true,"href":"https:\/\/www.fjelfras.de\/wordpress\/wp-json\/wp\/v2\/comments?post=21766"}],"version-history":[{"count":1,"href":"https:\/\/www.fjelfras.de\/wordpress\/wp-json\/wp\/v2\/posts\/21766\/revisions"}],"predecessor-version":[{"id":21791,"href":"https:\/\/www.fjelfras.de\/wordpress\/wp-json\/wp\/v2\/posts\/21766\/revisions\/21791"}],"wp:featuredmedia":[{"embeddable":true,"href":"https:\/\/www.fjelfras.de\/wordpress\/wp-json\/wp\/v2\/media\/21767"}],"wp:attachment":[{"href":"https:\/\/www.fjelfras.de\/wordpress\/wp-json\/wp\/v2\/media?parent=21766"}],"wp:term":[{"taxonomy":"category","embeddable":true,"href":"https:\/\/www.fjelfras.de\/wordpress\/wp-json\/wp\/v2\/categories?post=21766"},{"taxonomy":"post_tag","embeddable":true,"href":"https:\/\/www.fjelfras.de\/wordpress\/wp-json\/wp\/v2\/tags?post=21766"}],"curies":[{"name":"wp","href":"https:\/\/api.w.org\/{rel}","templated":true}]}}