{"id":318,"date":"2016-04-18T20:55:16","date_gmt":"2016-04-18T18:55:16","guid":{"rendered":"http:\/\/fjelfras.de\/?p=318"},"modified":"2021-01-27T15:41:31","modified_gmt":"2021-01-27T14:41:31","slug":"wikinger-startspielfigur","status":"publish","type":"post","link":"https:\/\/www.fjelfras.de\/wordpress\/blog\/brettspiele\/wikinger-startspielfigur\/","title":{"rendered":"Wikinger lego-Startspielfigur"},"content":{"rendered":"<p>Ange\u00adregt von Mar\u00adtin Klein (<a href=\"http:\/\/www.spielerleben.de\/\" target=\"_blank\" rel=\"noopener\">www.spielerleben.de<\/a>) ver\u00adse\u00adhe ich mitt\u00adler\u00adwei\u00adle ger\u00adne mei\u00adne Spie\u00adle mit <a href=\"http:\/\/www.lego.com\/de-de\/minifigures\/characters\" target=\"_blank\" rel=\"noopener\">Lego Mini\u00adfi\u00adgu\u00adren<\/a> als Startspiel-Markierungen.<\/p>\n<p>Ein wei\u00adte\u00adres Bei\u00adspiel aus mei\u00adnem Spie\u00adle\u00adre\u00adgal ist <a href=\"https:\/\/www.fjelfras.de\/wordpress\/blog\/brettspiele\/top-liste-spiele-vom-hans-im-glueck-verlag\/\">WIKINGER<\/a> (von Micha\u00adel Kies\u00adling, erschie\u00adnen bei Hans im Gl\u00fcck). Nicht, dass der bei\u00adgef\u00fcg\u00adte Start\u00adspie\u00adler\u00admar\u00adker h\u00e4ss\u00adlich w\u00e4re, aber wenn Lego schon einen so sch\u00f6n b\u00f6se schau\u00aden\u00adden Wikin\u00adger pro\u00addu\u00adziert... Au\u00dfer\u00addem hat man manch\u00admal selbst einen sol\u00adchen Gesichts\u00adaus\u00addruck, wenn einem die lie\u00adben Mit\u00adspie\u00adler wie\u00adder dazwi\u00adschen funken.<\/p>\n<hr>\n<div id=\"gallery-1\" class=\"gallery galleryid-318 gallery-columns-2 gallery-size-gridlove-single\"><figure class=\"gallery-item\">\n\t\t\t<div class=\"gallery-icon landscape\">\n\t\t\t\t<a class=\"gridlove-popup\" href=\"https:\/\/www.fjelfras.de\/wordpress\/wp-content\/uploads\/2016\/04\/Lego-Wikinger-S4.png\"><img loading=\"lazy\" decoding=\"async\" width=\"740\" height=\"740\" src=\"https:\/\/www.fjelfras.de\/wordpress\/wp-content\/uploads\/2016\/04\/Lego-Wikinger-S4-740x740.png\" class=\"attachment-gridlove-single size-gridlove-single\" alt=\"Lego Minifigur Wikinger Serie 4\" aria-describedby=\"gallery-1-315\" srcset=\"https:\/\/www.fjelfras.de\/wordpress\/wp-content\/uploads\/2016\/04\/Lego-Wikinger-S4-740x740.png 740w, https:\/\/www.fjelfras.de\/wordpress\/wp-content\/uploads\/2016\/04\/Lego-Wikinger-S4-300x300.png 300w, https:\/\/www.fjelfras.de\/wordpress\/wp-content\/uploads\/2016\/04\/Lego-Wikinger-S4-150x150.png 150w, https:\/\/www.fjelfras.de\/wordpress\/wp-content\/uploads\/2016\/04\/Lego-Wikinger-S4-768x768.png 768w, https:\/\/www.fjelfras.de\/wordpress\/wp-content\/uploads\/2016\/04\/Lego-Wikinger-S4-370x370.png 370w, https:\/\/www.fjelfras.de\/wordpress\/wp-content\/uploads\/2016\/04\/Lego-Wikinger-S4-270x270.png 270w, https:\/\/www.fjelfras.de\/wordpress\/wp-content\/uploads\/2016\/04\/Lego-Wikinger-S4-570x570.png 570w, https:\/\/www.fjelfras.de\/wordpress\/wp-content\/uploads\/2016\/04\/Lego-Wikinger-S4-210x210.png 210w, https:\/\/www.fjelfras.de\/wordpress\/wp-content\/uploads\/2016\/04\/Lego-Wikinger-S4.png 829w\" sizes=\"auto, (max-width: 740px) 100vw, 740px\"><\/a>\n\t\t\t<\/div>\n\t\t\t\t<figcaption class=\"wp-caption-text gallery-caption\" id=\"gallery-1-315\">\n\t\t\t\tFoto: the LEGO&nbsp;Group&nbsp;<\/figcaption><\/figure><figure class=\"gallery-item\">\n\t\t\t<div class=\"gallery-icon portrait\">\n\t\t\t\t<a class=\"gridlove-popup\" href=\"https:\/\/www.fjelfras.de\/wordpress\/wp-content\/uploads\/2016\/04\/wikinger_HiG.png\"><img loading=\"lazy\" decoding=\"async\" width=\"567\" height=\"802\" src=\"https:\/\/www.fjelfras.de\/wordpress\/wp-content\/uploads\/2016\/04\/wikinger_HiG.png\" class=\"attachment-gridlove-single size-gridlove-single\" alt=\"Wikinger mit Lego-Minifigur als Startspieler\" aria-describedby=\"gallery-1-317\" srcset=\"https:\/\/www.fjelfras.de\/wordpress\/wp-content\/uploads\/2016\/04\/wikinger_HiG.png 567w, https:\/\/www.fjelfras.de\/wordpress\/wp-content\/uploads\/2016\/04\/wikinger_HiG-212x300.png 212w, https:\/\/www.fjelfras.de\/wordpress\/wp-content\/uploads\/2016\/04\/wikinger_HiG-106x150.png 106w, https:\/\/www.fjelfras.de\/wordpress\/wp-content\/uploads\/2016\/04\/wikinger_HiG-370x523.png 370w, https:\/\/www.fjelfras.de\/wordpress\/wp-content\/uploads\/2016\/04\/wikinger_HiG-270x382.png 270w, https:\/\/www.fjelfras.de\/wordpress\/wp-content\/uploads\/2016\/04\/wikinger_HiG-148x210.png 148w\" sizes=\"auto, (max-width: 567px) 100vw, 567px\"><\/a>\n\t\t\t<\/div>\n\t\t\t\t<figcaption class=\"wp-caption-text gallery-caption\" id=\"gallery-1-317\">\n\t\t\t\tdie Lego\u00adfi\u00adgur hat noch ihren Helm auf \u2013 das Schwit\u00adzen beginnt aber sicherlich...&nbsp;<\/figcaption><\/figure>\n\t\t<\/div>\n\n","protected":false},"excerpt":{"rendered":"<p>Ange\u00adregt von Mar\u00adtin Klein (www.spielerleben.de) ver\u00adse\u00adhe ich mitt\u00adler\u00adwei\u00adle ger\u00adne mei\u00adne Spie\u00adle mit Lego Mini\u00adfi\u00adgu\u00adren als Start\u00adspiel-Mar\u00adkie\u00adrun\u00adgen. Ein wei\u00adte\u00adres Bei\u00adspiel aus mei\u00adnem Spie\u00adle\u00adre\u00adgal ist WIKINGER (von Micha\u00adel Kies\u00adling, erschie\u00adnen bei Hans im Gl\u00fcck). Nicht, dass der bei\u00adgef\u00fcg\u00adte Start\u00adspie\u00adler\u00admar\u00adker h\u00e4ss\u00adlich w\u00e4re, aber wenn Lego schon einen so sch\u00f6n b\u00f6se schau\u00aden\u00adden Wikin\u00adger pro\u00addu\u00adziert... Au\u00dfer\u00addem hat man manch\u00admal selbst&nbsp;[\u2026]<\/p>\n","protected":false},"author":1,"featured_media":315,"comment_status":"open","ping_status":"closed","sticky":false,"template":"","format":"standard","meta":{"wp_typography_post_enhancements_disabled":false,"footnotes":""},"categories":[3,4],"tags":[22,161,23,1149,63],"class_list":["post-318","post","type-post","status-publish","format-standard","has-post-thumbnail","hentry","category-brettspiele","category-startspielfiguren","tag-brettspiel","tag-hans-im-glueck","tag-lego","tag-startspielfigur","tag-wikinger"],"_links":{"self":[{"href":"https:\/\/www.fjelfras.de\/wordpress\/wp-json\/wp\/v2\/posts\/318","targetHints":{"allow":["GET"]}}],"collection":[{"href":"https:\/\/www.fjelfras.de\/wordpress\/wp-json\/wp\/v2\/posts"}],"about":[{"href":"https:\/\/www.fjelfras.de\/wordpress\/wp-json\/wp\/v2\/types\/post"}],"author":[{"embeddable":true,"href":"https:\/\/www.fjelfras.de\/wordpress\/wp-json\/wp\/v2\/users\/1"}],"replies":[{"embeddable":true,"href":"https:\/\/www.fjelfras.de\/wordpress\/wp-json\/wp\/v2\/comments?post=318"}],"version-history":[{"count":2,"href":"https:\/\/www.fjelfras.de\/wordpress\/wp-json\/wp\/v2\/posts\/318\/revisions"}],"predecessor-version":[{"id":12829,"href":"https:\/\/www.fjelfras.de\/wordpress\/wp-json\/wp\/v2\/posts\/318\/revisions\/12829"}],"wp:featuredmedia":[{"embeddable":true,"href":"https:\/\/www.fjelfras.de\/wordpress\/wp-json\/wp\/v2\/media\/315"}],"wp:attachment":[{"href":"https:\/\/www.fjelfras.de\/wordpress\/wp-json\/wp\/v2\/media?parent=318"}],"wp:term":[{"taxonomy":"category","embeddable":true,"href":"https:\/\/www.fjelfras.de\/wordpress\/wp-json\/wp\/v2\/categories?post=318"},{"taxonomy":"post_tag","embeddable":true,"href":"https:\/\/www.fjelfras.de\/wordpress\/wp-json\/wp\/v2\/tags?post=318"}],"curies":[{"name":"wp","href":"https:\/\/api.w.org\/{rel}","templated":true}]}}