{"id":4585,"date":"2018-01-20T20:45:43","date_gmt":"2018-01-20T19:45:43","guid":{"rendered":"http:\/\/www.fjelfras.de\/wordpress\/?p=4585"},"modified":"2018-01-19T22:59:39","modified_gmt":"2018-01-19T21:59:39","slug":"kraehenmaedchen-von-erik-axl-sund","status":"publish","type":"post","link":"https:\/\/www.fjelfras.de\/wordpress\/blog\/dies-uns-das\/kraehenmaedchen-von-erik-axl-sund\/","title":{"rendered":"Kr\u00e4henm\u00e4dchen von Erik Axl&nbsp;Sund"},"content":{"rendered":"<h3>zuletzt gelesen: Kr\u00e4henm\u00e4dchen von Erik Axl&nbsp;Sund<\/h3>\n<p>Ich bin nicht so der gro\u00ad\u00dfe Fan von selbst ernann\u00adten (oder auch tat\u00ads\u00e4ch\u00adli\u00adchen) Psycho-Thril\u00adlern. Dahin\u00adge\u00adgen bin ich durch\u00adaus Fan von soge\u00adnann\u00adten Schwe\u00adden-Kri\u00admis. Bei KR\u00c4HENM\u00c4DCHEN war ich mir nicht so sicher, in wel\u00adche Kate\u00adgo\u00adrie ich das Buch ein\u00adord\u00adnen soll\u00adte \u2013 und bin es eigent\u00adlich immer noch&nbsp;nicht.<\/p>\n<p>Es geht mir ein wenig zu blut\u00adr\u00fcns\u00adtig zu und die bei\u00adden Autoren (Erik Axl Sund ist das Pseud\u00adonym des schwe\u00addi\u00adschen Autoren\u00addu\u00ados Jer\u00adker Eriks\u00adson und H\u00e5kan Axlan\u00adder Sund\u00adquist) haben ver\u00adsucht, einen gro\u00ad\u00dfen Twist in die Sto\u00adry ein\u00adzu\u00adbau\u00aden. Doof nur, dass mir die\u00adser schon zu etwa ein Drit\u00adtel des Buches klar war. So fand ich das Buch recht lang\u00adat\u00admig und unn\u00f6\u00adtig bru\u00adtal. Da ich aber ange\u00adfan\u00adge\u00adne B\u00fccher schlecht bei\u00adsei\u00adte legen kann, habe ich es doch noch zu Ende gele\u00adsen. Und dadurch, dass das Buch mit einem gro\u00ad\u00dfen Cliff\u00adhan\u00adger ende\u00adte, bin ich nun sogar am \u00dcber\u00adle\u00adgen, auch den zwei\u00adten Teil die\u00adser Trio\u00adlo\u00adgie zu&nbsp;lesen.<\/p>\n<p>Aller\u00addings kos\u00adtet mich das schon \u00dcber\u00adwin\u00addung. Den Stil fand ich arg platt, die Sto\u00adry weist Logik\u00adl\u00f6\u00adcher auf und die Cha\u00adrak\u00adte\u00adri\u00adsie\u00adrun\u00adgen fand ich auch nicht schl\u00fcs\u00adsig. Kann man gera\u00adde so noch neben\u00adbei lesen, aber Jubel\u00adst\u00fcr\u00adme (wie bspw. bei der <a href=\"https:\/\/www.fjelfras.de\/wordpress\/blog\/dies-uns-das\/das-maedchen-das-verstummte\/\">Berg\u00admann-Rei\u00adhe<\/a>) hat es nicht ausgel\u00f6st.<\/p>\n<figure id=\"attachment_4587\" aria-describedby=\"caption-attachment-4587\" style=\"width: 328px\" class=\"wp-caption aligncenter\"><a href=\"https:\/\/www.fjelfras.de\/wordpress\/wp-content\/uploads\/2018\/01\/Kr\u00e4henm\u00e4dchen-Cover.jpg\"><img loading=\"lazy\" decoding=\"async\" class=\"size-full wp-image-4587\" src=\"https:\/\/www.fjelfras.de\/wordpress\/wp-content\/uploads\/2018\/01\/Kr\u00e4henm\u00e4dchen-Cover.jpg\" alt=\"Kr\u00e4henm\u00e4dchen - Cover\" width=\"328\" height=\"500\" srcset=\"https:\/\/www.fjelfras.de\/wordpress\/wp-content\/uploads\/2018\/01\/Kr\u00e4henm\u00e4dchen-Cover.jpg 328w, https:\/\/www.fjelfras.de\/wordpress\/wp-content\/uploads\/2018\/01\/Kr\u00e4henm\u00e4dchen-Cover-197x300.jpg 197w, https:\/\/www.fjelfras.de\/wordpress\/wp-content\/uploads\/2018\/01\/Kr\u00e4henm\u00e4dchen-Cover-98x150.jpg 98w, https:\/\/www.fjelfras.de\/wordpress\/wp-content\/uploads\/2018\/01\/Kr\u00e4henm\u00e4dchen-Cover-270x412.jpg 270w, https:\/\/www.fjelfras.de\/wordpress\/wp-content\/uploads\/2018\/01\/Kr\u00e4henm\u00e4dchen-Cover-138x210.jpg 138w\" sizes=\"auto, (max-width: 328px) 100vw, 328px\"><\/a><figcaption id=\"caption-attachment-4587\" class=\"wp-caption-text\">Foto: Gold\u00admann Verlag<\/figcaption><\/figure>\n","protected":false},"excerpt":{"rendered":"<p>zuletzt gele\u00adsen: Kr\u00e4\u00adhen\u00adm\u00e4d\u00adchen von Erik Axl&nbsp;Sund Ich bin nicht so der gro\u00ad\u00dfe Fan von selbst ernann\u00adten (oder auch tat\u00ads\u00e4ch\u00adli\u00adchen) Psycho-Thril\u00ad\u00adlern. Dahin\u00adge\u00adgen bin ich durch\u00adaus Fan von soge\u00adnann\u00adten Schwe\u00ad\u00adden-Kri\u00ad\u00admis. Bei KR\u00c4HENM\u00c4DCHEN war ich mir nicht so sicher, in wel\u00adche Kate\u00adgo\u00adrie ich das Buch ein\u00adord\u00adnen soll\u00adte \u2013 und bin es eigent\u00adlich immer noch&nbsp;nicht. Es geht mir&nbsp;ein&nbsp;[\u2026]<\/p>\n","protected":false},"author":1,"featured_media":4587,"comment_status":"open","ping_status":"closed","sticky":false,"template":"","format":"standard","meta":{"wp_typography_post_enhancements_disabled":false,"footnotes":""},"categories":[16,17],"tags":[487,29,122],"class_list":["post-4585","post","type-post","status-publish","format-standard","has-post-thumbnail","hentry","category-dies-uns-das","category-zuletzt-gelesen","tag-erik-axl-sund","tag-gelesen","tag-thriller"],"_links":{"self":[{"href":"https:\/\/www.fjelfras.de\/wordpress\/wp-json\/wp\/v2\/posts\/4585","targetHints":{"allow":["GET"]}}],"collection":[{"href":"https:\/\/www.fjelfras.de\/wordpress\/wp-json\/wp\/v2\/posts"}],"about":[{"href":"https:\/\/www.fjelfras.de\/wordpress\/wp-json\/wp\/v2\/types\/post"}],"author":[{"embeddable":true,"href":"https:\/\/www.fjelfras.de\/wordpress\/wp-json\/wp\/v2\/users\/1"}],"replies":[{"embeddable":true,"href":"https:\/\/www.fjelfras.de\/wordpress\/wp-json\/wp\/v2\/comments?post=4585"}],"version-history":[{"count":2,"href":"https:\/\/www.fjelfras.de\/wordpress\/wp-json\/wp\/v2\/posts\/4585\/revisions"}],"predecessor-version":[{"id":4588,"href":"https:\/\/www.fjelfras.de\/wordpress\/wp-json\/wp\/v2\/posts\/4585\/revisions\/4588"}],"wp:featuredmedia":[{"embeddable":true,"href":"https:\/\/www.fjelfras.de\/wordpress\/wp-json\/wp\/v2\/media\/4587"}],"wp:attachment":[{"href":"https:\/\/www.fjelfras.de\/wordpress\/wp-json\/wp\/v2\/media?parent=4585"}],"wp:term":[{"taxonomy":"category","embeddable":true,"href":"https:\/\/www.fjelfras.de\/wordpress\/wp-json\/wp\/v2\/categories?post=4585"},{"taxonomy":"post_tag","embeddable":true,"href":"https:\/\/www.fjelfras.de\/wordpress\/wp-json\/wp\/v2\/tags?post=4585"}],"curies":[{"name":"wp","href":"https:\/\/api.w.org\/{rel}","templated":true}]}}