{"id":7794,"date":"2019-03-01T01:00:19","date_gmt":"2019-03-01T00:00:19","guid":{"rendered":"http:\/\/www.fjelfras.de\/wordpress\/?p=7794"},"modified":"2019-02-28T11:41:22","modified_gmt":"2019-02-28T10:41:22","slug":"aphorismus-des-monats-2019-03","status":"publish","type":"post","link":"https:\/\/www.fjelfras.de\/wordpress\/blog\/zitate\/aphorismus-des-monats-2019-03\/","title":{"rendered":"Aphorismus des Monats \u2013 2019-03"},"content":{"rendered":"\n<p>Ich hat\u00adte kurz \u00fcber\u00adlegt, einen narrha\u00adle\u00adsi\u00adschen Apho\u00adris\u00admus zu w\u00e4h\u00adlen. Da aber genau genom\u00admen der M\u00e4rz gr\u00f6\u00df\u00adten\u00adteils Fas\u00adten\u00adzeit ist, w\u00e4re das nicht wirk\u00adlich pas\u00adsend. Au\u00dfer\u00addem bin ich jetzt auch nicht der Fass\u00adnach\u00adter vor dem Herrn. Also blei\u00adbe ich auch 2019-03 lie\u00adber beim Bew\u00e4hrten.<\/p>\n\n\n\n<p>Wil\u00adhelm Schw\u00f6bel:<\/p>\n\n\n\n<blockquote class=\"wp-block-quote is-layout-flow wp-block-quote-is-layout-flow\"><p>Die sch\u00e4rfs\u00adte Waf\u00adfe der B\u00f6sen ist ihre Solidarit\u00e4t.&nbsp;<\/p><\/blockquote>\n","protected":false},"excerpt":{"rendered":"<p>Ich hat\u00adte kurz \u00fcber\u00adlegt, einen narrha\u00adle\u00adsi\u00adschen Apho\u00adris\u00admus zu w\u00e4h\u00adlen. Da aber genau genom\u00admen der M\u00e4rz gr\u00f6\u00df\u00adten\u00adteils Fas\u00adten\u00adzeit ist, w\u00e4re das nicht wirk\u00adlich pas\u00adsend. Au\u00dfer\u00addem bin ich jetzt auch nicht der Fass\u00adnach\u00adter vor dem Herrn. Also blei\u00adbe ich auch 2019-03 lie\u00adber beim Bew\u00e4hr\u00adten. Wil\u00adhelm Schw\u00f6\u00adbel: Die sch\u00e4rfs\u00adte Waf\u00adfe der B\u00f6sen ist ihre Solidarit\u00e4t.&nbsp;<\/p>\n","protected":false},"author":1,"featured_media":316,"comment_status":"open","ping_status":"closed","sticky":false,"template":"","format":"standard","meta":{"wp_typography_post_enhancements_disabled":false,"footnotes":""},"categories":[7,6],"tags":[21,726],"class_list":["post-7794","post","type-post","status-publish","format-standard","has-post-thumbnail","hentry","category-aphorismus-des-monats","category-zitate","tag-aphorismus","tag-wilhelm-schwoebel"],"_links":{"self":[{"href":"https:\/\/www.fjelfras.de\/wordpress\/wp-json\/wp\/v2\/posts\/7794","targetHints":{"allow":["GET"]}}],"collection":[{"href":"https:\/\/www.fjelfras.de\/wordpress\/wp-json\/wp\/v2\/posts"}],"about":[{"href":"https:\/\/www.fjelfras.de\/wordpress\/wp-json\/wp\/v2\/types\/post"}],"author":[{"embeddable":true,"href":"https:\/\/www.fjelfras.de\/wordpress\/wp-json\/wp\/v2\/users\/1"}],"replies":[{"embeddable":true,"href":"https:\/\/www.fjelfras.de\/wordpress\/wp-json\/wp\/v2\/comments?post=7794"}],"version-history":[{"count":2,"href":"https:\/\/www.fjelfras.de\/wordpress\/wp-json\/wp\/v2\/posts\/7794\/revisions"}],"predecessor-version":[{"id":7809,"href":"https:\/\/www.fjelfras.de\/wordpress\/wp-json\/wp\/v2\/posts\/7794\/revisions\/7809"}],"wp:featuredmedia":[{"embeddable":true,"href":"https:\/\/www.fjelfras.de\/wordpress\/wp-json\/wp\/v2\/media\/316"}],"wp:attachment":[{"href":"https:\/\/www.fjelfras.de\/wordpress\/wp-json\/wp\/v2\/media?parent=7794"}],"wp:term":[{"taxonomy":"category","embeddable":true,"href":"https:\/\/www.fjelfras.de\/wordpress\/wp-json\/wp\/v2\/categories?post=7794"},{"taxonomy":"post_tag","embeddable":true,"href":"https:\/\/www.fjelfras.de\/wordpress\/wp-json\/wp\/v2\/tags?post=7794"}],"curies":[{"name":"wp","href":"https:\/\/api.w.org\/{rel}","templated":true}]}}